{"id":4743,"date":"2025-01-03T19:11:03","date_gmt":"2025-01-03T19:11:03","guid":{"rendered":"https:\/\/buddhistische-akademie-bb.de\/?p=4743"},"modified":"2026-04-27T18:32:34","modified_gmt":"2026-04-27T18:32:34","slug":"fortlaufendes-meditationsangebot-2024","status":"publish","type":"post","link":"https:\/\/buddhistische-akademie-bb.de\/?p=4743","title":{"rendered":"fortlaufendes Meditationsangebot via Zoom"},"content":{"rendered":"<p>Zwei Mal pro Woche k\u00f6nnen Sie online \u00fcber Zoom mit uns meditieren. Die Meditationen werden von Metta, Irene Wulff, angeleitet, die 20 Jahre in der Tradition von Ajahn Chah ordiniert war.<\/p>\n<p><strong>mittwochs\u00a0 8:00 \u2013 9:00 Uhr<img loading=\"lazy\" decoding=\"async\" class=\" wp-image-3641 alignright\" src=\"https:\/\/buddhistische-akademie-bb.de\/wp-content\/uploads\/2022\/06\/metta-gross.jpg\" alt=\"\" width=\"296\" height=\"222\" \/><\/strong><br data-rich-text-line-break=\"true\" \/><strong>sonntags\u00a0 9:00 \u2013 10:30 Uhr<br \/>\n<\/strong>(sonntags 9.00-10.00 Meditation, 10.00-10.30 freier Dialog optional)<\/p>\n<p><strong>Die Teilnahme ist auf Spendenbasis<\/strong>.<br \/>\nDie Spenden gehen zun\u00e4chst an die Buddhistische Akademie, Kontoverbindung s.u.<br \/>\nDen gr\u00f6\u00dften Teil der Spenden leiten wir an Irene Wulff (Metta) weiter.<\/p>\n<p>Bitte erfragen Sie den Zoom-Link: <a href=\"mailto:office@buddhistische-akademie-bb.de\">office@buddhistische-akademie-bb.de<\/a><\/p>\n<p><strong>Biografisches zu Metta\u00a0<\/strong>\u2013 Irene Wulff<br \/>\nMetta (Irene Wulff) wurde 1953 in Deutschland geboren. Im Jahr 1993 trat sie der kl\u00f6sterlichen Sangha in Amaravati (England) bei. Als Siladhara war sie von 1996 bis 2017 (Ajahn Metta) in der Thail\u00e4ndischen Waldklostertradition (Ajahn Chah) ordiniert. Sie lebte und praktizierte haupts\u00e4chlich in England in den Kl\u00f6stern von Amaravati und Cittaviveka. W\u00e4hrend dieser Zeit waren Ajahn Sumedho und Ajahn Sucitto ihre spirituellen Lehrer und Mentoren. Als Nonne verbrachte sie l\u00e4ngere Zeit in Indien, Sri Lanka, Thailand sowie in den USA. Seit mehr als 10 Jahren ist sie als Dharmalehrerin in verschiedenen L\u00e4ndern (England, Europa und den USA) t\u00e4tig. Im Juni 2017 hat sie die Robe abgelegt und lebt heute in Berlin.<\/p>\n<p><strong>Unsere Bankverbindung:<\/strong><br \/>\nBuddhistische Akademie Berlin Brandenburg<br \/>\nGLS Bank<br \/>\nIBAN-Nr: DE 53430 60967 11338 34901<br \/>\nBIC: GENODEM1GLS<br \/>\nBetreff: Meditation mit Metta<\/p>\n<p><strong>Angeleitete Meditationen von Metta Irene Wulff:<\/strong><\/p>\n<p><a href=\"https:\/\/buddhistische-akademie-bb.de\/wp-content\/uploads\/2023\/08\/Das-weite-Feld-des-Gewahrseins-Einleitung-und-gefuehrte-Meditation.mp4\" target=\"_blank\" rel=\"noreferrer noopener\">Das weite Feld des Gewahrseins (Einleitung und gef\u00fchrte Meditation)<\/a><\/p>\n<div dir=\"ltr\">\n<p><a href=\"https:\/\/buddhistische-akademie-bb.de\/wp-content\/uploads\/2023\/01\/Koerper-und-Geist-im-Zusammenspiel-Meditation-und-Kontemplation_2023.mp3\">K\u00f6rper und Geist im Zusammenspiel \u2013 Meditation und Kontemplation<\/a><\/p>\n<p><a href=\"https:\/\/buddhistische-akademie-bb.de\/wp-content\/uploads\/2022\/11\/Achtsamkeit-Zusammenspiel-von-Koerper-und-Geist.mp3\">Achtsamkeit \u2013 Zusammenspiel von K\u00f6rper und Geist<\/a><\/p>\n<\/div>\n<p><a href=\"https:\/\/buddhistische-akademie-bb.de\/wp-content\/uploads\/2022\/03\/Wohlwollen-und-Mitgefuehl_2022.mp3\" target=\"_blank\" rel=\"noreferrer noopener\" data-rich-text-format-boundary=\"true\">Wohlwollen und Mitgef\u00fchl<\/a><br data-rich-text-line-break=\"true\" \/><br \/>\n<a href=\"https:\/\/buddhistische-akademie-bb.de\/wp-content\/uploads\/2021\/12\/Meditation-Metta-Dezember-2021.mp3\" target=\"_blank\" rel=\"noreferrer noopener\">Was das Herz ber\u00fchrt \u2013 Achtsamkeitsmeditation auf Geisteszust\u00e4nde<\/a><\/p>\n<p><a href=\"https:\/\/buddhistische-akademie-bb.de\/wp-content\/uploads\/2020\/01\/Meditation_Rainmethode.mp3\">Rain-Methode Einf\u00fchrung<\/a><\/p>\n<p><a href=\"https:\/\/buddhistische-akademie-bb.de\/wp-content\/uploads\/2021\/03\/Atembetrachtung.mp3\">Meditationsanleitung Atemmeditation<\/a><\/p>\n<p><a href=\"https:\/\/buddhistische-akademie-bb.de\/wp-content\/uploads\/2021\/02\/b_Gelassenheit-und-Gewahrsein-in-der-Meditationspraxis_fr_14_2_2021.mp3\">Meditationsanleitung Gelassenheit und Gewahrsein<\/a><\/p>\n","protected":false},"excerpt":{"rendered":"<p>Zwei Mal pro Woche k\u00f6nnen Sie online \u00fcber Zoom mit uns meditieren. Die Meditationen werden von Metta, Irene Wulff, angeleitet, die 20 Jahre in der Tradition von Ajahn Chah ordiniert war. mittwochs\u00a0 8:00 \u2013 9:00 Uhrsonntags\u00a0 9:00 \u2013 10:30 Uhr (sonntags 9.00-10.00 Meditation, 10.00-10.30 freier Dialog optional) Die Teilnahme ist auf Spendenbasis. Die Spenden gehen [&hellip;]<\/p>\n","protected":false},"author":1,"featured_media":1588,"comment_status":"closed","ping_status":"closed","sticky":false,"template":"","format":"standard","meta":{"footnotes":""},"categories":[39],"tags":[],"class_list":["post-4743","post","type-post","status-publish","format-standard","has-post-thumbnail","hentry","category-meditation"],"yoast_head":"<!-- This site is optimized with the Yoast SEO plugin v25.3.1 - https:\/\/yoast.com\/wordpress\/plugins\/seo\/ -->\n<title>fortlaufendes Meditationsangebot via Zoom - Buddhistische Akademie Berlin-Brandenburg<\/title>\n<meta name=\"robots\" content=\"index, follow, max-snippet:-1, max-image-preview:large, max-video-preview:-1\" \/>\n<link rel=\"canonical\" href=\"https:\/\/buddhistische-akademie-bb.de\/?p=4743\" \/>\n<meta property=\"og:locale\" content=\"de_DE\" \/>\n<meta property=\"og:type\" content=\"article\" \/>\n<meta property=\"og:title\" content=\"fortlaufendes Meditationsangebot via Zoom - Buddhistische Akademie Berlin-Brandenburg\" \/>\n<meta property=\"og:description\" content=\"Zwei Mal pro Woche k\u00f6nnen Sie online \u00fcber Zoom mit uns meditieren. Die Meditationen werden von Metta, Irene Wulff, angeleitet, die 20 Jahre in der Tradition von Ajahn Chah ordiniert war. mittwochs\u00a0 8:00 \u2013 9:00 Uhrsonntags\u00a0 9:00 \u2013 10:30 Uhr (sonntags 9.00-10.00 Meditation, 10.00-10.30 freier Dialog optional) Die Teilnahme ist auf Spendenbasis. Die Spenden gehen [&hellip;]\" \/>\n<meta property=\"og:url\" content=\"https:\/\/buddhistische-akademie-bb.de\/?p=4743\" \/>\n<meta property=\"og:site_name\" content=\"Buddhistische Akademie Berlin-Brandenburg\" \/>\n<meta property=\"article:publisher\" content=\"https:\/\/www.facebook.com\/profile.php?id=100009188940719\" \/>\n<meta property=\"article:published_time\" content=\"2025-01-03T19:11:03+00:00\" \/>\n<meta property=\"article:modified_time\" content=\"2026-04-27T18:32:34+00:00\" \/>\n<meta property=\"og:image\" content=\"https:\/\/buddhistische-akademie-bb.de\/wp-content\/uploads\/2020\/05\/morning-1789903_1920.jpg\" \/>\n\t<meta property=\"og:image:width\" content=\"1920\" \/>\n\t<meta property=\"og:image:height\" content=\"1387\" \/>\n\t<meta property=\"og:image:type\" content=\"image\/jpeg\" \/>\n<meta name=\"author\" content=\"175446\" \/>\n<meta name=\"twitter:card\" content=\"summary_large_image\" \/>\n<meta name=\"twitter:label1\" content=\"Verfasst von\" \/>\n\t<meta name=\"twitter:data1\" content=\"175446\" \/>\n\t<meta name=\"twitter:label2\" content=\"Gesch\u00e4tzte Lesezeit\" \/>\n\t<meta name=\"twitter:data2\" content=\"2\u00a0Minuten\" \/>\n<script type=\"application\/ld+json\" class=\"yoast-schema-graph\">{\"@context\":\"https:\/\/schema.org\",\"@graph\":[{\"@type\":\"Article\",\"@id\":\"https:\/\/buddhistische-akademie-bb.de\/?p=4743#article\",\"isPartOf\":{\"@id\":\"https:\/\/buddhistische-akademie-bb.de\/?p=4743\"},\"author\":{\"name\":\"175446\",\"@id\":\"https:\/\/buddhistische-akademie-bb.de\/#\/schema\/person\/30f3b374ed982349aa7ec4ba0d4e6e4c\"},\"headline\":\"fortlaufendes Meditationsangebot via Zoom\",\"datePublished\":\"2025-01-03T19:11:03+00:00\",\"dateModified\":\"2026-04-27T18:32:34+00:00\",\"mainEntityOfPage\":{\"@id\":\"https:\/\/buddhistische-akademie-bb.de\/?p=4743\"},\"wordCount\":273,\"publisher\":{\"@id\":\"https:\/\/buddhistische-akademie-bb.de\/#organization\"},\"image\":{\"@id\":\"https:\/\/buddhistische-akademie-bb.de\/?p=4743#primaryimage\"},\"thumbnailUrl\":\"https:\/\/buddhistische-akademie-bb.de\/wp-content\/uploads\/2020\/05\/morning-1789903_1920.jpg\",\"articleSection\":[\"Meditation\"],\"inLanguage\":\"de\"},{\"@type\":\"WebPage\",\"@id\":\"https:\/\/buddhistische-akademie-bb.de\/?p=4743\",\"url\":\"https:\/\/buddhistische-akademie-bb.de\/?p=4743\",\"name\":\"fortlaufendes Meditationsangebot via Zoom - Buddhistische Akademie Berlin-Brandenburg\",\"isPartOf\":{\"@id\":\"https:\/\/buddhistische-akademie-bb.de\/#website\"},\"primaryImageOfPage\":{\"@id\":\"https:\/\/buddhistische-akademie-bb.de\/?p=4743#primaryimage\"},\"image\":{\"@id\":\"https:\/\/buddhistische-akademie-bb.de\/?p=4743#primaryimage\"},\"thumbnailUrl\":\"https:\/\/buddhistische-akademie-bb.de\/wp-content\/uploads\/2020\/05\/morning-1789903_1920.jpg\",\"datePublished\":\"2025-01-03T19:11:03+00:00\",\"dateModified\":\"2026-04-27T18:32:34+00:00\",\"breadcrumb\":{\"@id\":\"https:\/\/buddhistische-akademie-bb.de\/?p=4743#breadcrumb\"},\"inLanguage\":\"de\",\"potentialAction\":[{\"@type\":\"ReadAction\",\"target\":[\"https:\/\/buddhistische-akademie-bb.de\/?p=4743\"]}]},{\"@type\":\"ImageObject\",\"inLanguage\":\"de\",\"@id\":\"https:\/\/buddhistische-akademie-bb.de\/?p=4743#primaryimage\",\"url\":\"https:\/\/buddhistische-akademie-bb.de\/wp-content\/uploads\/2020\/05\/morning-1789903_1920.jpg\",\"contentUrl\":\"https:\/\/buddhistische-akademie-bb.de\/wp-content\/uploads\/2020\/05\/morning-1789903_1920.jpg\",\"width\":1920,\"height\":1387},{\"@type\":\"BreadcrumbList\",\"@id\":\"https:\/\/buddhistische-akademie-bb.de\/?p=4743#breadcrumb\",\"itemListElement\":[{\"@type\":\"ListItem\",\"position\":1,\"name\":\"Startseite\",\"item\":\"https:\/\/buddhistische-akademie-bb.de\/\"},{\"@type\":\"ListItem\",\"position\":2,\"name\":\"fortlaufendes Meditationsangebot via Zoom\"}]},{\"@type\":\"WebSite\",\"@id\":\"https:\/\/buddhistische-akademie-bb.de\/#website\",\"url\":\"https:\/\/buddhistische-akademie-bb.de\/\",\"name\":\"Buddhistische Akademie Berlin-Brandenburg\",\"description\":\"\",\"publisher\":{\"@id\":\"https:\/\/buddhistische-akademie-bb.de\/#organization\"},\"potentialAction\":[{\"@type\":\"SearchAction\",\"target\":{\"@type\":\"EntryPoint\",\"urlTemplate\":\"https:\/\/buddhistische-akademie-bb.de\/?s={search_term_string}\"},\"query-input\":{\"@type\":\"PropertyValueSpecification\",\"valueRequired\":true,\"valueName\":\"search_term_string\"}}],\"inLanguage\":\"de\"},{\"@type\":\"Organization\",\"@id\":\"https:\/\/buddhistische-akademie-bb.de\/#organization\",\"name\":\"Buddhistische Akademie Berlin Brandenburg\",\"url\":\"https:\/\/buddhistische-akademie-bb.de\/\",\"logo\":{\"@type\":\"ImageObject\",\"inLanguage\":\"de\",\"@id\":\"https:\/\/buddhistische-akademie-bb.de\/#\/schema\/logo\/image\/\",\"url\":\"https:\/\/buddhistische-akademie-bb.de\/wp-content\/uploads\/2021\/05\/Logo.jpg\",\"contentUrl\":\"https:\/\/buddhistische-akademie-bb.de\/wp-content\/uploads\/2021\/05\/Logo.jpg\",\"width\":268,\"height\":260,\"caption\":\"Buddhistische Akademie Berlin Brandenburg\"},\"image\":{\"@id\":\"https:\/\/buddhistische-akademie-bb.de\/#\/schema\/logo\/image\/\"},\"sameAs\":[\"https:\/\/www.facebook.com\/profile.php?id=100009188940719\",\"https:\/\/www.youtube.com\/channel\/UCQxxUAV0IA-9FF2Icr4J6fQ\"]},{\"@type\":\"Person\",\"@id\":\"https:\/\/buddhistische-akademie-bb.de\/#\/schema\/person\/30f3b374ed982349aa7ec4ba0d4e6e4c\",\"name\":\"175446\",\"image\":{\"@type\":\"ImageObject\",\"inLanguage\":\"de\",\"@id\":\"https:\/\/buddhistische-akademie-bb.de\/#\/schema\/person\/image\/\",\"url\":\"https:\/\/secure.gravatar.com\/avatar\/04de310e3e86e0abb874fc2f4742ebe60e17e8835e59f6719037abd776b9f56e?s=96&d=mm&r=g\",\"contentUrl\":\"https:\/\/secure.gravatar.com\/avatar\/04de310e3e86e0abb874fc2f4742ebe60e17e8835e59f6719037abd776b9f56e?s=96&d=mm&r=g\",\"caption\":\"175446\"}}]}<\/script>\n<!-- \/ Yoast SEO plugin. -->","yoast_head_json":{"title":"fortlaufendes Meditationsangebot via Zoom - Buddhistische Akademie Berlin-Brandenburg","robots":{"index":"index","follow":"follow","max-snippet":"max-snippet:-1","max-image-preview":"max-image-preview:large","max-video-preview":"max-video-preview:-1"},"canonical":"https:\/\/buddhistische-akademie-bb.de\/?p=4743","og_locale":"de_DE","og_type":"article","og_title":"fortlaufendes Meditationsangebot via Zoom - Buddhistische Akademie Berlin-Brandenburg","og_description":"Zwei Mal pro Woche k\u00f6nnen Sie online \u00fcber Zoom mit uns meditieren. Die Meditationen werden von Metta, Irene Wulff, angeleitet, die 20 Jahre in der Tradition von Ajahn Chah ordiniert war. mittwochs\u00a0 8:00 \u2013 9:00 Uhrsonntags\u00a0 9:00 \u2013 10:30 Uhr (sonntags 9.00-10.00 Meditation, 10.00-10.30 freier Dialog optional) Die Teilnahme ist auf Spendenbasis. Die Spenden gehen [&hellip;]","og_url":"https:\/\/buddhistische-akademie-bb.de\/?p=4743","og_site_name":"Buddhistische Akademie Berlin-Brandenburg","article_publisher":"https:\/\/www.facebook.com\/profile.php?id=100009188940719","article_published_time":"2025-01-03T19:11:03+00:00","article_modified_time":"2026-04-27T18:32:34+00:00","og_image":[{"width":1920,"height":1387,"url":"https:\/\/buddhistische-akademie-bb.de\/wp-content\/uploads\/2020\/05\/morning-1789903_1920.jpg","type":"image\/jpeg"}],"author":"175446","twitter_card":"summary_large_image","twitter_misc":{"Verfasst von":"175446","Gesch\u00e4tzte Lesezeit":"2\u00a0Minuten"},"schema":{"@context":"https:\/\/schema.org","@graph":[{"@type":"Article","@id":"https:\/\/buddhistische-akademie-bb.de\/?p=4743#article","isPartOf":{"@id":"https:\/\/buddhistische-akademie-bb.de\/?p=4743"},"author":{"name":"175446","@id":"https:\/\/buddhistische-akademie-bb.de\/#\/schema\/person\/30f3b374ed982349aa7ec4ba0d4e6e4c"},"headline":"fortlaufendes Meditationsangebot via Zoom","datePublished":"2025-01-03T19:11:03+00:00","dateModified":"2026-04-27T18:32:34+00:00","mainEntityOfPage":{"@id":"https:\/\/buddhistische-akademie-bb.de\/?p=4743"},"wordCount":273,"publisher":{"@id":"https:\/\/buddhistische-akademie-bb.de\/#organization"},"image":{"@id":"https:\/\/buddhistische-akademie-bb.de\/?p=4743#primaryimage"},"thumbnailUrl":"https:\/\/buddhistische-akademie-bb.de\/wp-content\/uploads\/2020\/05\/morning-1789903_1920.jpg","articleSection":["Meditation"],"inLanguage":"de"},{"@type":"WebPage","@id":"https:\/\/buddhistische-akademie-bb.de\/?p=4743","url":"https:\/\/buddhistische-akademie-bb.de\/?p=4743","name":"fortlaufendes Meditationsangebot via Zoom - Buddhistische Akademie Berlin-Brandenburg","isPartOf":{"@id":"https:\/\/buddhistische-akademie-bb.de\/#website"},"primaryImageOfPage":{"@id":"https:\/\/buddhistische-akademie-bb.de\/?p=4743#primaryimage"},"image":{"@id":"https:\/\/buddhistische-akademie-bb.de\/?p=4743#primaryimage"},"thumbnailUrl":"https:\/\/buddhistische-akademie-bb.de\/wp-content\/uploads\/2020\/05\/morning-1789903_1920.jpg","datePublished":"2025-01-03T19:11:03+00:00","dateModified":"2026-04-27T18:32:34+00:00","breadcrumb":{"@id":"https:\/\/buddhistische-akademie-bb.de\/?p=4743#breadcrumb"},"inLanguage":"de","potentialAction":[{"@type":"ReadAction","target":["https:\/\/buddhistische-akademie-bb.de\/?p=4743"]}]},{"@type":"ImageObject","inLanguage":"de","@id":"https:\/\/buddhistische-akademie-bb.de\/?p=4743#primaryimage","url":"https:\/\/buddhistische-akademie-bb.de\/wp-content\/uploads\/2020\/05\/morning-1789903_1920.jpg","contentUrl":"https:\/\/buddhistische-akademie-bb.de\/wp-content\/uploads\/2020\/05\/morning-1789903_1920.jpg","width":1920,"height":1387},{"@type":"BreadcrumbList","@id":"https:\/\/buddhistische-akademie-bb.de\/?p=4743#breadcrumb","itemListElement":[{"@type":"ListItem","position":1,"name":"Startseite","item":"https:\/\/buddhistische-akademie-bb.de\/"},{"@type":"ListItem","position":2,"name":"fortlaufendes Meditationsangebot via Zoom"}]},{"@type":"WebSite","@id":"https:\/\/buddhistische-akademie-bb.de\/#website","url":"https:\/\/buddhistische-akademie-bb.de\/","name":"Buddhistische Akademie Berlin-Brandenburg","description":"","publisher":{"@id":"https:\/\/buddhistische-akademie-bb.de\/#organization"},"potentialAction":[{"@type":"SearchAction","target":{"@type":"EntryPoint","urlTemplate":"https:\/\/buddhistische-akademie-bb.de\/?s={search_term_string}"},"query-input":{"@type":"PropertyValueSpecification","valueRequired":true,"valueName":"search_term_string"}}],"inLanguage":"de"},{"@type":"Organization","@id":"https:\/\/buddhistische-akademie-bb.de\/#organization","name":"Buddhistische Akademie Berlin Brandenburg","url":"https:\/\/buddhistische-akademie-bb.de\/","logo":{"@type":"ImageObject","inLanguage":"de","@id":"https:\/\/buddhistische-akademie-bb.de\/#\/schema\/logo\/image\/","url":"https:\/\/buddhistische-akademie-bb.de\/wp-content\/uploads\/2021\/05\/Logo.jpg","contentUrl":"https:\/\/buddhistische-akademie-bb.de\/wp-content\/uploads\/2021\/05\/Logo.jpg","width":268,"height":260,"caption":"Buddhistische Akademie Berlin Brandenburg"},"image":{"@id":"https:\/\/buddhistische-akademie-bb.de\/#\/schema\/logo\/image\/"},"sameAs":["https:\/\/www.facebook.com\/profile.php?id=100009188940719","https:\/\/www.youtube.com\/channel\/UCQxxUAV0IA-9FF2Icr4J6fQ"]},{"@type":"Person","@id":"https:\/\/buddhistische-akademie-bb.de\/#\/schema\/person\/30f3b374ed982349aa7ec4ba0d4e6e4c","name":"175446","image":{"@type":"ImageObject","inLanguage":"de","@id":"https:\/\/buddhistische-akademie-bb.de\/#\/schema\/person\/image\/","url":"https:\/\/secure.gravatar.com\/avatar\/04de310e3e86e0abb874fc2f4742ebe60e17e8835e59f6719037abd776b9f56e?s=96&d=mm&r=g","contentUrl":"https:\/\/secure.gravatar.com\/avatar\/04de310e3e86e0abb874fc2f4742ebe60e17e8835e59f6719037abd776b9f56e?s=96&d=mm&r=g","caption":"175446"}}]}},"_links":{"self":[{"href":"https:\/\/buddhistische-akademie-bb.de\/index.php?rest_route=\/wp\/v2\/posts\/4743","targetHints":{"allow":["GET"]}}],"collection":[{"href":"https:\/\/buddhistische-akademie-bb.de\/index.php?rest_route=\/wp\/v2\/posts"}],"about":[{"href":"https:\/\/buddhistische-akademie-bb.de\/index.php?rest_route=\/wp\/v2\/types\/post"}],"author":[{"embeddable":true,"href":"https:\/\/buddhistische-akademie-bb.de\/index.php?rest_route=\/wp\/v2\/users\/1"}],"replies":[{"embeddable":true,"href":"https:\/\/buddhistische-akademie-bb.de\/index.php?rest_route=%2Fwp%2Fv2%2Fcomments&post=4743"}],"version-history":[{"count":9,"href":"https:\/\/buddhistische-akademie-bb.de\/index.php?rest_route=\/wp\/v2\/posts\/4743\/revisions"}],"predecessor-version":[{"id":5483,"href":"https:\/\/buddhistische-akademie-bb.de\/index.php?rest_route=\/wp\/v2\/posts\/4743\/revisions\/5483"}],"wp:featuredmedia":[{"embeddable":true,"href":"https:\/\/buddhistische-akademie-bb.de\/index.php?rest_route=\/wp\/v2\/media\/1588"}],"wp:attachment":[{"href":"https:\/\/buddhistische-akademie-bb.de\/index.php?rest_route=%2Fwp%2Fv2%2Fmedia&parent=4743"}],"wp:term":[{"taxonomy":"category","embeddable":true,"href":"https:\/\/buddhistische-akademie-bb.de\/index.php?rest_route=%2Fwp%2Fv2%2Fcategories&post=4743"},{"taxonomy":"post_tag","embeddable":true,"href":"https:\/\/buddhistische-akademie-bb.de\/index.php?rest_route=%2Fwp%2Fv2%2Ftags&post=4743"}],"curies":[{"name":"wp","href":"https:\/\/api.w.org\/{rel}","templated":true}]}}